{"id":1789,"date":"2001-06-08T00:00:05","date_gmt":"2001-06-08T05:00:05","guid":{"rendered":"http:\/\/192.168.254.210\/?p=1789"},"modified":"2017-07-07T10:13:35","modified_gmt":"2017-07-07T15:13:35","slug":"manuel-r-moreno-fraginals-y-el-hecho-mismo-de-vivir","status":"publish","type":"post","link":"http:\/\/morenofraginals.com\/?p=1789","title":{"rendered":"Manuel R. Moreno Fraginals y el hecho mismo de vivir"},"content":{"rendered":"<p>[et_pb_section admin_label=&#8221;section&#8221;][et_pb_row admin_label=&#8221;row&#8221; make_fullwidth=&#8221;on&#8221; use_custom_width=&#8221;off&#8221; width_unit=&#8221;on&#8221; use_custom_gutter=&#8221;off&#8221; allow_player_pause=&#8221;off&#8221; parallax=&#8221;off&#8221; parallax_method=&#8221;off&#8221; make_equal=&#8221;off&#8221; parallax_1=&#8221;off&#8221; parallax_method_1=&#8221;off&#8221;][et_pb_column type=&#8221;4_4&#8243;][et_pb_text admin_label=&#8221;Text&#8221;]<\/p>\n<p><em>Ra\u00fal Rivero.<\/em><\/p>\n<p>Si estoy seguro de que Manolo Fraginals ha muerto, es s\u00f3lo porque no me ha vuelto a llamar para pedirme un trabajo que le debo:<\/p>\n<p style=\"padding-left: 30px;\">&#8211; Una entrada,\u00a0me hace falta que me mandes una entrada de mil palabras sobre el periodismo independiente para la enciclopedia que estoy preparando. Te llamo la semana que viene.<\/p>\n<p>Para \u00e9l nunca lleg\u00f3 esa semana,\u00a0sino un limbo de once meses que lo deposit\u00f3 luego en su tumba.<\/p>\n<p><strong>Ra\u00fal Rivero (RR)<\/strong>: \u00bfCu\u00e1l es tu ocupaci\u00f3n preferida?, le hab\u00eda preguntado yo, en 1985, aqu\u00ed en La Habana.<br \/>\n<strong>Manuel Moreno Fraginals (MMF)<\/strong>\u00a0El trabajo, me dijo.<br \/>\n<strong>RR<\/strong>: \u00bfY cu\u00e1l es tu distracci\u00f3n preferida?<br \/>\n<strong>MMF<\/strong>: Otro trabajo, respondi\u00f3 enseguida.<\/p>\n<p>Por eso, el silencio c\u00f3smico que vino despu\u00e9s de su llamada me adelant\u00f3 la certeza de que Manolo estaba en el tr\u00e1mite del viaje final.<br \/>\nMe gusta compartir con los lectores de la Revista Hispano Cubana unas conversaciones que sostuvimos el autor de <span class='tooltipsall classtoolTips7' style='border-bottom:2px dotted #888;'>El Ingenio<\/span> y yo, cuando \u00e9ramos otros dos hombres y, sobre todo, otros dos escritores.<br \/>\nMe gusta que sepan que Manolo, un gran lector de poes\u00eda, recordaba muchos versos de memoria, pero, en el plano privado, con amigos, obligado a decir los que m\u00e1s lo conmov\u00edan, citaba siempre estos dos de Nicol\u00e1s Guill\u00e9n:<\/p>\n<p style=\"padding-left: 30px;\"><em>iba yo por un camino \/\u00a0cuando con la muerte di. <\/em><\/p>\n<p>Y este otro de Eliseo Diego:<\/p>\n<p style=\"padding-left: 30px;\"><em>Extranjeras, las vacas, so\u00f1ando \/ con sus f\u00e1bulas tontas, enormes \/ y calladas y justas&#8230;<\/em><\/p>\n<p>Es bueno que se conozca que, de ni\u00f1o, Moreno fue D&#8217;Artagnan y luego Athos, a veces, un poco Bufalo Bill, despu\u00e9s de adulto prefer\u00ed ser yo mismo.<\/p>\n<p>Cuando le pregunt\u00e9 qu\u00e9 era exactamente para \u00e9l la muerte, respondi\u00f3 lo siguiente: &#8211; <em>Dejar de hacer estas cosas, para que lo que hemos hecho en forma de libros, hijos, ense\u00f1anza, contin\u00faen haciendo<\/em><\/p>\n<p>Quer\u00eda, seg\u00fan me confes\u00f3 una de aquellas tardes del verano de 1985, que no inscribieran en el sitio donde lo enterrar\u00edan ning\u00fan epitafio. &#8211;\u00a0<em>Me gustar\u00eda ser enterrado a flor de tierra y que mi epitafio fuese la yerba misma.<\/em><\/p>\n<p>Como el di\u00e1logo tuvo de todo y hablamos de muchas cosas, voy a transcribir fragmentos que selecciona el periodista que soy ahora de la conversaci\u00f3n con Manuel Moreno Fraginals, el historiador l\u00facido, de prosa esbelta y limpia, el hombre que quiso y que fue.<\/p>\n<p><strong>RR<\/strong>:\u00a0 Qu\u00e9 puede, en su opini\u00f3n, malograr el talento?<br \/>\n<strong>MMF<\/strong>:\u00a0El talento nunca se malogra: lo que se malogra es el uso del talento. Por experiencias personales respecto a j\u00f3venes talentosos, dir\u00eda que han contribuido a malograrlos o, por lo menos, a entorpecer su desarrollo , la burocracia, el dogmatismo, el ascenso precipitado a posiciones directivas para el ejercicio de las cuales a\u00fan no se ha madurado, la ausencia de verdaderos maestros.<br \/>\n<strong>RR<\/strong>:\u00a0Qu\u00e9 es para usted la belleza?<br \/>\n<strong>MMF<\/strong>:\u00a0No s\u00e9 definirla. Pero es algo que siempre est\u00e1 a nuestro lado. La cuesti\u00f3n es verla.<br \/>\n<strong>RR<\/strong>:\u00a0\u00bfLa encuentra a menudo en la vida?<br \/>\n<strong>MMF<\/strong>:\u00a0Hasta en este cuestionario, que es el colmo.<br \/>\n<strong>RR<\/strong>:\u00a0Para usted, \u00bfqu\u00e9 es lo cubano?<br \/>\n<strong>MMF<\/strong>:\u00a0Una forma de ser, enraizada en una experiencia viva, que conforma en uno un sentido peculiar del ritmo, del color, de la forma. Del sentido \u00faltimo de la vida, del tiempo&#8230;<br \/>\n<strong>RR<\/strong>:\u00a0Si tuviera que definir mediante un s\u00edmbolo la cuban\u00eda, \u00bfcu\u00e1l ser\u00eda ese s\u00edmbolo?<br \/>\n<strong>MMF<\/strong>:\u00a0Como la cuban\u00eda es una totalidad, no un detalle, nunca sabr\u00eda simbolizarla. La palma es cubana y puede no serlo. La totalidad del paisaje, palma, monta\u00f1a, ca\u00f1a, llano, mar, cielo no necesariamente azul, con olor a ingenio cercano y p\u00f3lvora guerrillera, y orgasmo, ser\u00eda un s\u00edmbolo (siempre incompleto) de lo cubano. Creo que en algunas danzas de Lecuona (el s\u00edmbolo no ha de ser necesariamente gr\u00e1fico, tambi\u00e9n auditivo) est\u00e1 el s\u00edmbolo mejor logrado de la cuban\u00eda.<br \/>\n<strong>RR<\/strong>:\u00a0\u00bfCu\u00e1l es la obra maestra de la naturaleza?<br \/>\n<strong>MMF<\/strong>:\u00a0La pareja humana.<br \/>\n<strong>RR<\/strong>:\u00a0\u00bfCu\u00e1l es la virtud que m\u00e1s le impresiona?<br \/>\n<strong>MMF<\/strong>:\u00a0La ternura<br \/>\n<strong>RR<\/strong>:\u00a0\u00bfCu\u00e1l es el defecto imperdonable?<br \/>\n<strong>MMF<\/strong>:\u00a0La envidia nacida de la frustraci\u00f3n y el engreimiento.<br \/>\n<strong>RR<\/strong>:\u00a0Al final, \u00bfcu\u00e1l es el destino que deplora?<br \/>\n<strong>MMF<\/strong>:\u00a0Ser in\u00fatil.<br \/>\n<strong>RR<\/strong>:\u00a0Su lema<br \/>\n<strong>MMF<\/strong>: &#8211; <em>Si mi pluma valiera tu pistola de capit\u00e1n, contento morir\u00eda<\/em>.<br \/>\n<strong>RR<\/strong>:\u00a0\u00bfCu\u00e1l es el momento m\u00e1s hermoso de su existencia?<br \/>\n<strong>MMF<\/strong>:\u00a0Mi nacimiento, porque empec\u00e9 a ser.<br \/>\n<strong>RR<\/strong>:\u00a0\u00bfY el m\u00e1s terrible?<br \/>\n<strong>MMF<\/strong>:\u00a0No ha llegado.<br \/>\n<strong>RR<\/strong>:\u00a0\u00bfQu\u00e9 es la felicidad?<br \/>\n<strong>MMF<\/strong>:\u00a0Vivir creadoramente, haciendo hijos, form\u00e1ndolos; haciendo libros; ense\u00f1ando, amando&#8230;<br \/>\n<strong>RR<\/strong>:\u00a0Defina la desgracia<br \/>\n<strong>MMF<\/strong>:\u00a0No est\u00e1 en mi diccionario.<br \/>\n<strong>RR<\/strong>:\u00a0De lo cotidiano, \u00bfqu\u00e9 es lo que m\u00e1s le molesta?<br \/>\n<strong>MMF<\/strong>:\u00a0Lo cotidiano innecesario, asumido por falta de esp\u00edritu creador.<br \/>\n<strong>RR<\/strong>:\u00a0\u00bfCree en la amistad?<br \/>\n<strong>MMF<\/strong>:\u00a0Naturalmente.<br \/>\n<strong>RR<\/strong>:\u00a0\u00bfPor qu\u00e9?<br \/>\n<strong>MMF<\/strong>:\u00a0De no creer en la amistad todo lo que he dicho anteriormente carecer\u00eda de sentido.<br \/>\n<strong>RR<\/strong>:\u00a0Una cita o un pensamiento que con frecuencia le agrade recordar.<br \/>\n<strong>MMF<\/strong>: &#8211;<em>Yo bien se la fonte que mana y corre\u00a0aunque es de noche &#8211;\u00a0San Juan de la Cruz<\/em>.<br \/>\n<strong>RR<\/strong>:\u00a0\u00bfQu\u00e9 es lo que m\u00e1s respeto le inspira?<br \/>\n<strong>MMF<\/strong>:\u00a0La obra creadora del hombre.<br \/>\n<strong>RR<\/strong>:\u00a0\u00bfCu\u00e1l es su mayor esperanza?<br \/>\n<strong>MMF<\/strong>:\u00a0Ser m\u00e1s \u00fatil.<br \/>\n<strong>RR<\/strong>:\u00a0\u00bfCu\u00e1l es su pintor preferido?<br \/>\n<strong>MMF<\/strong>:\u00a0No tengo preferencia concreta. De los cientos de cuadros originales que he visto, se han grabado indeleblemente en mi, Las Meninas, de Vel\u00e1squez; El Entierro del Conde Orgaz, de El Greco; La destrucci\u00f3n de Guernica, de Picasso. Todo espa\u00f1ol, \u00bfno?<br \/>\n<strong>RR<\/strong>:\u00a0Su m\u00fasico.<br \/>\n<strong>MMF<\/strong>:\u00a0Nunca pienso en m\u00fasicos, sino en piezas musicales concretas. Oigo diariamente m\u00fasica y, aunque en distintas gradaciones (no est\u00e9ticas,\u00a0puras, sino afectivas) paso de una misa gregoriana a Mozart, a Bartok, a la Charanga de Odilio Urf\u00e9 tocando El Bomb\u00edn de Barreto, o a Art Tatum al piano.<br \/>\n<strong>RR<\/strong>:\u00a0Su escultor.<br \/>\n<strong>MMF<\/strong>:\u00a0Esos indios an\u00f3nimos que tallaron las piedras de Palenque, en M\u00e9jico.<br \/>\n<strong>RR<\/strong>:\u00a0Su actor.<br \/>\n<strong>MMF<\/strong>:\u00a0Serguei Bondarchuk<br \/>\n<strong>RR<\/strong>:\u00a0Su narrador<br \/>\n<strong>MMF<\/strong>:\u00a0Jos\u00e9 Mart\u00ed (hablo de sus Cr\u00f3nicas).<br \/>\n<strong>RR<\/strong>:\u00a0\u00bfCu\u00e1l es el descubrimiento cient\u00edfico que m\u00e1s le ha impresionado?<br \/>\n<strong>MMF<\/strong>:\u00a0La teor\u00eda de la relatividad y la moderna y siempre cambiante esfera de la computaci\u00f3n.<br \/>\n<strong>RR<\/strong>:\u00a0Su deporte.<br \/>\n<strong>MMF<\/strong>:\u00a0El f\u00fatbol rugby<br \/>\n<strong>RR<\/strong>:\u00a0Su color preferido.<br \/>\n<strong>MMF<\/strong>:\u00a0El naranja<br \/>\n<strong>RR<\/strong>:\u00a0Su bebida.<br \/>\n<strong>MMF<\/strong>:\u00a0El jugo de naranja sin colar.<br \/>\n<strong>RR<\/strong>:\u00a0\u00bfCree usted en la inspiraci\u00f3n?<br \/>\n<strong>MMF<\/strong>:\u00a0S\u00ed. Es una idea que surge brillantemente despu\u00e9s que uno ha trabajado y pensado como un burro d\u00eda y noche.<br \/>\n<strong>RR<\/strong>:\u00a0Defina el amor.<br \/>\n<strong>MMF<\/strong>:\u00a0Prefiero vivirlo, no definirlo<br \/>\n<strong>RR<\/strong>:\u00a0De los misterios que el hombre enfrenta en la vida, \u00bfcu\u00e1l lo subyuga?<br \/>\n<strong>MMF<\/strong>:\u00a0El hecho mismo de vivir.<\/p>\n<p>[\/et_pb_text][\/et_pb_column][\/et_pb_row][\/et_pb_section]<\/p>\n<script type=\"text\/javascript\"> toolTips('.classtoolTips8','<img loading=\"lazy\" decoding=\"async\" class=\" aligncenter\" src=\"http:\/\/192.168.254.210\/wp-content\/uploads\/2015\/02\/LaHistoriaArma.jpg\" alt=\"La Historia Como Arma\" width=\"204\" height=\"258\" \/>'); <\/script>","protected":false},"excerpt":{"rendered":"<p>[et_pb_section admin_label=&#8221;section&#8221;][et_pb_row admin_label=&#8221;row&#8221; make_fullwidth=&#8221;on&#8221; use_custom_width=&#8221;off&#8221; width_unit=&#8221;on&#8221; use_custom_gutter=&#8221;off&#8221; allow_player_pause=&#8221;off&#8221; parallax=&#8221;off&#8221; parallax_method=&#8221;off&#8221; make_equal=&#8221;off&#8221; parallax_1=&#8221;off&#8221; parallax_method_1=&#8221;off&#8221;][et_pb_column type=&#8221;4_4&#8243;][et_pb_text admin_label=&#8221;Text&#8221;] Ra\u00fal Rivero. Si estoy seguro de que Manolo Fraginals ha muerto, es s\u00f3lo porque no me ha vuelto a llamar para pedirme un trabajo que le debo: &#8211; Una entrada,\u00a0me hace falta que me mandes una entrada de mil palabras [&hellip;]<\/p>\n","protected":false},"author":1,"featured_media":0,"comment_status":"closed","ping_status":"closed","sticky":false,"template":"","format":"standard","meta":{"_et_pb_use_builder":"on","_et_pb_old_content":"<p><em>Ra\u00fal Rivero.<\/em><\/p><p>Si estoy seguro de que Manolo Fraginals ha muerto, es s\u00f3lo porque no me ha vuelto a llamar para pedirme un trabajo que le debo:<\/p><p style=\"padding-left: 30px;\">- Una entrada,\u00a0me hace falta que me mandes una entrada de mil palabras sobre el periodismo independiente para la enciclopedia que estoy preparando. Te llamo la semana que viene.<\/p><p>Para \u00e9l nunca lleg\u00f3 esa semana,\u00a0sino un limbo de once meses que lo deposit\u00f3 luego en su tumba.<\/p><p><strong>Ra\u00fal Rivero (RR)<\/strong>: \u00bfCu\u00e1l es tu ocupaci\u00f3n preferida?, le hab\u00eda preguntado yo, en 1985, aqu\u00ed en La Habana.<br \/> <strong>Manuel Moreno Fraginals (MMF)<\/strong>\u00a0El trabajo, me dijo.<br \/> <strong>RR<\/strong>: \u00bfY cu\u00e1l es tu distracci\u00f3n preferida?<br \/> <strong>MMF<\/strong>: Otro trabajo, respondi\u00f3 enseguida.<\/p><p>Por eso, el silencio c\u00f3smico que vino despu\u00e9s de su llamada me adelant\u00f3 la certeza de que Manolo estaba en el tr\u00e1mite del viaje final.<br \/> Me gusta compartir con los lectores de la Revista Hispano Cubana unas conversaciones que sostuvimos el autor de El Ingenio y yo, cuando \u00e9ramos otros dos hombres y, sobre todo, otros dos escritores.<br \/> Me gusta que sepan que Manolo, un gran lector de poes\u00eda, recordaba muchos versos de memoria, pero, en el plano privado, con amigos, obligado a decir los que m\u00e1s lo conmov\u00edan, citaba siempre estos dos de Nicol\u00e1s Guill\u00e9n:<\/p><p style=\"padding-left: 30px;\"><em>iba yo por un camino \/\u00a0cuando con la muerte di. <\/em><\/p><p>Y este otro de Eliseo Diego:<\/p><p style=\"padding-left: 30px;\"><em>Extranjeras, las vacas, so\u00f1ando \/ con sus f\u00e1bulas tontas, enormes \/ y calladas y justas...<\/em><\/p><p>Es bueno que se conozca que, de ni\u00f1o, Moreno fue D'Artagnan y luego Athos, a veces, un poco Bufalo Bill, despu\u00e9s de adulto prefer\u00ed ser yo mismo.<\/p><p>Cuando le pregunt\u00e9 qu\u00e9 era exactamente para \u00e9l la muerte, respondi\u00f3 lo siguiente: - <em>Dejar de hacer estas cosas, para que lo que hemos hecho en forma de libros, hijos, ense\u00f1anza, contin\u00faen haciendo<\/em><\/p><p>Quer\u00eda, seg\u00fan me confes\u00f3 una de aquellas tardes del verano de 1985, que no inscribieran en el sitio donde lo enterrar\u00edan ning\u00fan epitafio. -\u00a0<em>Me gustar\u00eda ser enterrado a flor de tierra y que mi epitafio fuese la yerba misma.<\/em><\/p><p>Como el di\u00e1logo tuvo de todo y hablamos de muchas cosas, voy a transcribir fragmentos que selecciona el periodista que soy ahora de la conversaci\u00f3n con Manuel Moreno Fraginals, el historiador l\u00facido, de prosa esbelta y limpia, el hombre que quiso y que fue.<\/p><p><strong>RR<\/strong>:\u00a0 Qu\u00e9 puede, en su opini\u00f3n, malograr el talento?<br \/> <strong>MMF<\/strong>:\u00a0El talento nunca se malogra: lo que se malogra es el uso del talento. Por experiencias personales respecto a j\u00f3venes talentosos, dir\u00eda que han contribuido a malograrlos o, por lo menos, a entorpecer su desarrollo , la burocracia, el dogmatismo, el ascenso precipitado a posiciones directivas para el ejercicio de las cuales a\u00fan no se ha madurado, la ausencia de verdaderos maestros.<br \/> <strong>RR<\/strong>:\u00a0Qu\u00e9 es para usted la belleza?<br \/> <strong>MMF<\/strong>:\u00a0No s\u00e9 definirla. Pero es algo que siempre est\u00e1 a nuestro lado. La cuesti\u00f3n es verla.<br \/> <strong>RR<\/strong>:\u00a0\u00bfLa encuentra a menudo en la vida?<br \/> <strong>MMF<\/strong>:\u00a0Hasta en este cuestionario, que es el colmo.<br \/> <strong>RR<\/strong>:\u00a0Para usted, \u00bfqu\u00e9 es lo cubano?<br \/> <strong>MMF<\/strong>:\u00a0Una forma de ser, enraizada en una experiencia viva, que conforma en uno un sentido peculiar del ritmo, del color, de la forma. Del sentido \u00faltimo de la vida, del tiempo...<br \/> <strong>RR<\/strong>:\u00a0Si tuviera que definir mediante un s\u00edmbolo la cuban\u00eda, \u00bfcu\u00e1l ser\u00eda ese s\u00edmbolo?<br \/> <strong>MMF<\/strong>:\u00a0Como la cuban\u00eda es una totalidad, no un detalle, nunca sabr\u00eda simbolizarla. La palma es cubana y puede no serlo. La totalidad del paisaje, palma, monta\u00f1a, ca\u00f1a, llano, mar, cielo no necesariamente azul, con olor a ingenio cercano y p\u00f3lvora guerrillera, y orgasmo, ser\u00eda un s\u00edmbolo (siempre incompleto) de lo cubano. Creo que en algunas danzas de Lecuona (el s\u00edmbolo no ha de ser necesariamente gr\u00e1fico, tambi\u00e9n auditivo) est\u00e1 el s\u00edmbolo mejor logrado de la cuban\u00eda.<br \/> <strong>RR<\/strong>:\u00a0\u00bfCu\u00e1l es la obra maestra de la naturaleza?<br \/> <strong>MMF<\/strong>:\u00a0La pareja humana.<br \/> <strong>RR<\/strong>:\u00a0\u00bfCu\u00e1l es la virtud que m\u00e1s le impresiona?<br \/> <strong>MMF<\/strong>:\u00a0La ternura<br \/> <strong>RR<\/strong>:\u00a0\u00bfCu\u00e1l es el defecto imperdonable?<br \/> <strong>MMF<\/strong>:\u00a0La envidia nacida de la frustraci\u00f3n y el engreimiento.<br \/> <strong>RR<\/strong>:\u00a0Al final, \u00bfcu\u00e1l es el destino que deplora?<br \/> <strong>MMF<\/strong>:\u00a0Ser in\u00fatil.<br \/> <strong>RR<\/strong>:\u00a0Su lema<br \/> <strong>MMF<\/strong>: - <em>Si mi pluma valiera tu pistola de capit\u00e1n, contento morir\u00eda<\/em>.<br \/> <strong>RR<\/strong>:\u00a0\u00bfCu\u00e1l es el momento m\u00e1s hermoso de su existencia?<br \/> <strong>MMF<\/strong>:\u00a0Mi nacimiento, porque empec\u00e9 a ser.<br \/> <strong>RR<\/strong>:\u00a0\u00bfY el m\u00e1s terrible?<br \/> <strong>MMF<\/strong>:\u00a0No ha llegado.<br \/> <strong>RR<\/strong>:\u00a0\u00bfQu\u00e9 es la felicidad?<br \/> <strong>MMF<\/strong>:\u00a0Vivir creadoramente, haciendo hijos, form\u00e1ndolos; haciendo libros; ense\u00f1ando, amando...<br \/> <strong>RR<\/strong>:\u00a0Defina la desgracia<br \/> <strong>MMF<\/strong>:\u00a0No est\u00e1 en mi diccionario.<br \/> <strong>RR<\/strong>:\u00a0De lo cotidiano, \u00bfqu\u00e9 es lo que m\u00e1s le molesta?<br \/> <strong>MMF<\/strong>:\u00a0Lo cotidiano innecesario, asumido por falta de esp\u00edritu creador.<br \/> <strong>RR<\/strong>:\u00a0\u00bfCree en la amistad?<br \/> <strong>MMF<\/strong>:\u00a0Naturalmente.<br \/> <strong>RR<\/strong>:\u00a0\u00bfPor qu\u00e9?<br \/> <strong>MMF<\/strong>:\u00a0De no creer en la amistad todo lo que he dicho anteriormente carecer\u00eda de sentido.<br \/> <strong>RR<\/strong>:\u00a0Una cita o un pensamiento que con frecuencia le agrade recordar.<br \/> <strong>MMF<\/strong>: -<em>Yo bien se la fonte que mana y corre\u00a0aunque es de noche -\u00a0San Juan de la Cruz<\/em>.<br \/> <strong>RR<\/strong>:\u00a0\u00bfQu\u00e9 es lo que m\u00e1s respeto le inspira?<br \/> <strong>MMF<\/strong>:\u00a0La obra creadora del hombre.<br \/> <strong>RR<\/strong>:\u00a0\u00bfCu\u00e1l es su mayor esperanza?<br \/> <strong>MMF<\/strong>:\u00a0Ser m\u00e1s \u00fatil.<br \/> <strong>RR<\/strong>:\u00a0\u00bfCu\u00e1l es su pintor preferido?<br \/> <strong>MMF<\/strong>:\u00a0No tengo preferencia concreta. De los cientos de cuadros originales que he visto, se han grabado indeleblemente en mi, Las Meninas, de Vel\u00e1squez; El Entierro del Conde Orgaz, de El Greco; La destrucci\u00f3n de Guernica, de Picasso. Todo espa\u00f1ol, \u00bfno?<br \/> <strong>RR<\/strong>:\u00a0Su m\u00fasico.<br \/> <strong>MMF<\/strong>:\u00a0Nunca pienso en m\u00fasicos, sino en piezas musicales concretas. Oigo diariamente m\u00fasica y, aunque en distintas gradaciones (no est\u00e9ticas,\u00a0puras, sino afectivas) paso de una misa gregoriana a Mozart, a Bartok, a la Charanga de Odilio Urf\u00e9 tocando El Bomb\u00edn de Barreto, o a Art Tatum al piano.<br \/> <strong>RR<\/strong>:\u00a0Su escultor.<br \/> <strong>MMF<\/strong>:\u00a0Esos indios an\u00f3nimos que tallaron las piedras de Palenque, en M\u00e9jico.<br \/> <strong>RR<\/strong>:\u00a0Su actor.<br \/> <strong>MMF<\/strong>:\u00a0Serguei Bondarchuk<br \/> <strong>RR<\/strong>:\u00a0Su narrador<br \/> <strong>MMF<\/strong>:\u00a0Jos\u00e9 Mart\u00ed (hablo de sus Cr\u00f3nicas).<br \/> <strong>RR<\/strong>:\u00a0\u00bfCu\u00e1l es el descubrimiento cient\u00edfico que m\u00e1s le ha impresionado?<br \/> <strong>MMF<\/strong>:\u00a0La teor\u00eda de la relatividad y la moderna y siempre cambiante esfera de la computaci\u00f3n.<br \/> <strong>RR<\/strong>:\u00a0Su deporte.<br \/> <strong>MMF<\/strong>:\u00a0El f\u00fatbol rugby<br \/> <strong>RR<\/strong>:\u00a0Su color preferido.<br \/> <strong>MMF<\/strong>:\u00a0El naranja<br \/> <strong>RR<\/strong>:\u00a0Su bebida.<br \/> <strong>MMF<\/strong>:\u00a0El jugo de naranja sin colar.<br \/> <strong>RR<\/strong>:\u00a0\u00bfCree usted en la inspiraci\u00f3n?<br \/> <strong>MMF<\/strong>:\u00a0S\u00ed. Es una idea que surge brillantemente despu\u00e9s que uno ha trabajado y pensado como un burro d\u00eda y noche.<br \/> <strong>RR<\/strong>:\u00a0Defina el amor.<br \/> <strong>MMF<\/strong>:\u00a0Prefiero vivirlo, no definirlo<br \/> <strong>RR<\/strong>:\u00a0De los misterios que el hombre enfrenta en la vida, \u00bfcu\u00e1l lo subyuga?<br \/> <strong>MMF<\/strong>:\u00a0El hecho mismo de vivir.<\/p>","_et_gb_content_width":"","footnotes":""},"categories":[25,28],"tags":[],"_links":{"self":[{"href":"http:\/\/morenofraginals.com\/index.php?rest_route=\/wp\/v2\/posts\/1789"}],"collection":[{"href":"http:\/\/morenofraginals.com\/index.php?rest_route=\/wp\/v2\/posts"}],"about":[{"href":"http:\/\/morenofraginals.com\/index.php?rest_route=\/wp\/v2\/types\/post"}],"author":[{"embeddable":true,"href":"http:\/\/morenofraginals.com\/index.php?rest_route=\/wp\/v2\/users\/1"}],"replies":[{"embeddable":true,"href":"http:\/\/morenofraginals.com\/index.php?rest_route=%2Fwp%2Fv2%2Fcomments&post=1789"}],"version-history":[{"count":16,"href":"http:\/\/morenofraginals.com\/index.php?rest_route=\/wp\/v2\/posts\/1789\/revisions"}],"predecessor-version":[{"id":1967,"href":"http:\/\/morenofraginals.com\/index.php?rest_route=\/wp\/v2\/posts\/1789\/revisions\/1967"}],"wp:attachment":[{"href":"http:\/\/morenofraginals.com\/index.php?rest_route=%2Fwp%2Fv2%2Fmedia&parent=1789"}],"wp:term":[{"taxonomy":"category","embeddable":true,"href":"http:\/\/morenofraginals.com\/index.php?rest_route=%2Fwp%2Fv2%2Fcategories&post=1789"},{"taxonomy":"post_tag","embeddable":true,"href":"http:\/\/morenofraginals.com\/index.php?rest_route=%2Fwp%2Fv2%2Ftags&post=1789"}],"curies":[{"name":"wp","href":"https:\/\/api.w.org\/{rel}","templated":true}]}}